{"id":3973,"date":"2023-11-23T11:17:36","date_gmt":"2023-11-23T10:17:36","guid":{"rendered":"https:\/\/www.ile-de-la-comtesse.com\/tourismus-memorial-izieu\/"},"modified":"2023-12-21T12:41:01","modified_gmt":"2023-12-21T11:41:01","slug":"tourismus-memorial-izieu","status":"publish","type":"post","link":"https:\/\/www.ile-de-la-comtesse.com\/de\/kulturell\/tourismus-memorial-izieu\/","title":{"rendered":"Besuchen Sie die Gedenkst\u00e4tte Izieu"},"content":{"rendered":"<section id=\"ls-section-block_c92c4c2231d642db46a5047666753d62\" class=\"ls-section  home-intro page-one background-blue has-m-b m-b-2 has-p-b p-b-2\" >\r\n        <div class=\"container container--full\">\r\n        \n\n<div class=\"wp-block-columns are-vertically-aligned-center is-layout-flex wp-container-core-columns-is-layout-9d6595d7 wp-block-columns-is-layout-flex\">\n<div class=\"wp-block-column is-vertically-aligned-center left is-layout-flow wp-block-column-is-layout-flow\" style=\"flex-basis:45%\">\n<div class=\"star-container animated fadeInLeft delay-100ms slow\"> \n<i class=\"comtesse-star\"><\/i>\n<i class=\"comtesse-star\"><\/i>\n<i class=\"comtesse-star\"><\/i>\n<i class=\"comtesse-star\"><\/i>\n<\/div>\n\n\n\n<h2 class=\"ls__heading wp-block-heading animated fadeInLeft delay-100ms slow\">Die Gedenkst\u00e4tte von Izieu: Geschichte, Zeugenaussagen<\/h2>\n\n\n\n<p class=\"ls-paragraph\">Das M\u00e9morial d&#8217;Izieu, das sich nur wenige Schritte vom <a href=\"https:\/\/www.ile-de-la-comtesse.com\/de\/\" data-type=\"page\" data-id=\"192\">Camping \u00cele de la Comtesse<\/a> entfernt befindet, ist eine ergreifende Gedenkst\u00e4tte, die an <strong>eine der dunkelsten Seiten der Geschichte erinnert<\/strong>. Diese Einrichtung erinnert an <strong>die 44 j\u00fcdischen Kinder und 7 Erzieher <\/strong>, die im April 1944 von der Gestapo in einem ehemaligen Kinderheim festgenommen und in die Todeslager deportiert wurden. Es ist ein bewegender Ort, der <strong>die Opfer ehrt<\/strong> und <strong>f\u00fcr<\/strong> <strong>Toleranz<\/strong> wirbt.<\/p>\n\n\n\n<p class=\"ls-paragraph\">Das 1,5 km entfernte <a href=\"https:\/\/www.memorializieu.eu\/\" target=\"_blank\" rel=\"noreferrer noopener\">M\u00e9morial d&#8217;Izieu<\/a> ist ein<strong> Ort der Besinnung und des Lernens<\/strong>, der das Andenken an die unschuldigen Opfer bewahren und heutige und zuk\u00fcnftige Generationen f\u00fcr die Schrecken des Holocaust sensibilisieren soll. Es beherbergt ein <strong>bewegendes Museum<\/strong>, in dem <strong>Dokumente<\/strong>, <strong>Fotografien<\/strong> und <strong>Zeugenaussagen<\/strong> die Geschichte dieser Kinder erz\u00e4hlen. Besucher k\u00f6nnen auch die Zimmer erkunden, die so erhalten sind, wie sie damals waren, und die vom Alltag der jungen Bewohner und ihrer Erzieher zeugen. Es ist ein Ort des Gedenkens, der Bildung und der Reflexion, an dem man <strong>den<\/strong> <strong>Opfern<\/strong> <strong>gedenken<\/strong> und sich gleichzeitig verpflichten kann, solche Schrecken in Zukunft zu verhindern.<\/p>\n\n\n\n<p class=\"ls-paragraph\">In Izieu k\u00f6nnen Sie eine sch\u00f6ne Aussicht auf die umliegenden Berge und das Rhonetal genie\u00dfen.<\/p>\n<\/div>\n\n\n\n<div class=\"wp-block-column is-vertically-aligned-center right is-layout-flow wp-block-column-is-layout-flow\" style=\"flex-basis:55%\">\n<figure class=\"wp-block-image size-full animated fadeInRight delay-100ms slow\"><a href=\"https:\/\/www.ile-de-la-comtesse.com\/wp-content\/uploads\/2023\/11\/camping-ile-de-la-comtesse-press-memorial-izieu.webp\"><img decoding=\"async\" width=\"1630\" height=\"978\" src=\"https:\/\/www.ile-de-la-comtesse.com\/wp-content\/uploads\/2023\/11\/camping-ile-de-la-comtesse-press-memorial-izieu.webp\" alt=\"camping ile de la comtesse press memorial izieu\" class=\"wp-image-3640\" srcset=\"https:\/\/www.ile-de-la-comtesse.com\/wp-content\/uploads\/2023\/11\/camping-ile-de-la-comtesse-press-memorial-izieu.webp 1630w, https:\/\/www.ile-de-la-comtesse.com\/wp-content\/uploads\/2023\/11\/camping-ile-de-la-comtesse-press-memorial-izieu-300x180.webp 300w, https:\/\/www.ile-de-la-comtesse.com\/wp-content\/uploads\/2023\/11\/camping-ile-de-la-comtesse-press-memorial-izieu-1024x614.webp 1024w, https:\/\/www.ile-de-la-comtesse.com\/wp-content\/uploads\/2023\/11\/camping-ile-de-la-comtesse-press-memorial-izieu-768x461.webp 768w, https:\/\/www.ile-de-la-comtesse.com\/wp-content\/uploads\/2023\/11\/camping-ile-de-la-comtesse-press-memorial-izieu-1536x922.webp 1536w\" sizes=\"(max-width: 1630px) 100vw, 1630px\" \/><\/a><\/figure>\n<\/div>\n<\/div>\n\n\r\n    <\/div>\r\n<\/section><section id=\"ls-section-block_0955a2c49538694959e9ff690bab3ab3\" class=\"ls-section  home-intro page-three background-blue has-m-b m-b-2 has-p-b p-b-2\" >\r\n        <div class=\"container container--full\">\r\n        \n\n<div class=\"wp-block-columns are-vertically-aligned-center is-layout-flex wp-container-core-columns-is-layout-9d6595d7 wp-block-columns-is-layout-flex\">\n<div class=\"wp-block-column is-vertically-aligned-center left is-layout-flow wp-block-column-is-layout-flow\" style=\"flex-basis:55%\">\n<figure class=\"wp-block-image size-full animated fadeInLeft delay-100ms slow\"><a href=\"https:\/\/www.ile-de-la-comtesse.com\/wp-content\/uploads\/2023\/11\/vue-motagnes-camping-dans-lain-scaled.webp\"><img decoding=\"async\" width=\"2048\" height=\"1536\" src=\"https:\/\/www.ile-de-la-comtesse.com\/wp-content\/uploads\/2023\/11\/vue-motagnes-camping-dans-lain-scaled.webp\" alt=\"blick motagnes camping in lain\" class=\"wp-image-1863\" srcset=\"https:\/\/www.ile-de-la-comtesse.com\/wp-content\/uploads\/2023\/11\/vue-motagnes-camping-dans-lain-scaled.webp 2048w, https:\/\/www.ile-de-la-comtesse.com\/wp-content\/uploads\/2023\/11\/vue-motagnes-camping-dans-lain-300x225.webp 300w, https:\/\/www.ile-de-la-comtesse.com\/wp-content\/uploads\/2023\/11\/vue-motagnes-camping-dans-lain-1024x768.webp 1024w, https:\/\/www.ile-de-la-comtesse.com\/wp-content\/uploads\/2023\/11\/vue-motagnes-camping-dans-lain-768x576.webp 768w, https:\/\/www.ile-de-la-comtesse.com\/wp-content\/uploads\/2023\/11\/vue-motagnes-camping-dans-lain-1536x1152.webp 1536w\" sizes=\"(max-width: 2048px) 100vw, 2048px\" \/><\/a><\/figure>\n<\/div>\n\n\n\n<div class=\"wp-block-column is-vertically-aligned-center right is-layout-flow wp-block-column-is-layout-flow\" style=\"flex-basis:45%\">\n<h2 class=\"ls__heading wp-block-heading animated fadeInRight delay-100ms slow\">Camping Partner der Gedenkst\u00e4tte von Izieu<\/h2>\n\n\n\n<p class=\"ls-paragraph\">Unser <strong>Camping ist Partner des M\u00e9morial d&#8217;Izieu<\/strong>, einem geschichtstr\u00e4chtigen Ort in der Region Rh\u00f4ne-Alpes. Diese Partnerschaft bietet unseren G\u00e4sten eine privilegierte Gelegenheit, diese wichtige historische St\u00e4tte zu besuchen, und bereichert ihr Urlaubserlebnis mit einer tiefgreifenden kulturellen und p\u00e4dagogischen Dimension.<\/p>\n\n\n\n<p class=\"ls-paragraph\">Dank dieser Zusammenarbeit erhalten unsere G\u00e4ste<strong> Vorzugspreise f\u00fcr den Besuch der Gedenkst\u00e4tte von Izieu<\/strong>. Diese Gedenkst\u00e4tte ist dem Gedenken an die j\u00fcdischen Kinder gewidmet, die w\u00e4hrend des Zweiten Weltkriegs deportiert wurden, und stellt einen wesentlichen Teil unserer gemeinsamen Geschichte dar. Es bietet ein bewegendes und zugleich lehrreiches Erlebnis, ideal f\u00fcr Familien und Einzelpersonen, die die historischen Ereignisse, die unsere Welt geformt haben, verstehen m\u00f6chten.<\/p>\n\n\n\n<p class=\"ls-paragraph\">Diese Partnerschaft unterstreicht unser <strong>Engagement f\u00fcr ein verantwortungsvolles und bildungsorientiertes Tourismusangebot<\/strong>. Wenn Sie sich f\u00fcr unseren Campingplatz entscheiden, entscheiden Sie sich nicht nur f\u00fcr einen <strong>angenehmen und entspannenden Aufenthalt<\/strong>, sondern auch f\u00fcr eine einzigartige Gelegenheit, bedeutende Momente unserer Geschichte zu entdecken und dar\u00fcber nachzudenken. Begleiten Sie uns auf einem unvergesslichen Aufenthalt, bei dem Entspannung und kulturelle Bereicherung Hand in Hand gehen.<\/p>\n<\/div>\n<\/div>\n\n\r\n    <\/div>\r\n<\/section>","protected":false},"excerpt":{"rendered":"","protected":false},"author":1,"featured_media":2349,"comment_status":"closed","ping_status":"closed","sticky":false,"template":"","format":"standard","meta":{"_acf_changed":false,"_seopress_robots_primary_cat":"","_seopress_titles_title":"Entdecken Sie das M\u00e9morial d'Izieu - Ein Juwel des Geschichtstourismus","_seopress_titles_desc":"Tauchen Sie ein in die ergreifende Geschichte des M\u00e9morial d'Izieu, einer unumg\u00e4nglichen St\u00e4tte, die dem Gedenken an die Opfer des Holocaust gewidmet ist.","_seopress_robots_index":"","inline_featured_image":false,"footnotes":""},"categories":[62],"tags":[],"sujet":[],"class_list":["post-3973","post","type-post","status-publish","format-standard","has-post-thumbnail","hentry","category-kulturell"],"acf":[],"_links":{"self":[{"href":"https:\/\/www.ile-de-la-comtesse.com\/de\/wp-json\/wp\/v2\/posts\/3973","targetHints":{"allow":["GET"]}}],"collection":[{"href":"https:\/\/www.ile-de-la-comtesse.com\/de\/wp-json\/wp\/v2\/posts"}],"about":[{"href":"https:\/\/www.ile-de-la-comtesse.com\/de\/wp-json\/wp\/v2\/types\/post"}],"author":[{"embeddable":true,"href":"https:\/\/www.ile-de-la-comtesse.com\/de\/wp-json\/wp\/v2\/users\/1"}],"replies":[{"embeddable":true,"href":"https:\/\/www.ile-de-la-comtesse.com\/de\/wp-json\/wp\/v2\/comments?post=3973"}],"version-history":[{"count":2,"href":"https:\/\/www.ile-de-la-comtesse.com\/de\/wp-json\/wp\/v2\/posts\/3973\/revisions"}],"predecessor-version":[{"id":4078,"href":"https:\/\/www.ile-de-la-comtesse.com\/de\/wp-json\/wp\/v2\/posts\/3973\/revisions\/4078"}],"wp:featuredmedia":[{"embeddable":true,"href":"https:\/\/www.ile-de-la-comtesse.com\/de\/wp-json\/wp\/v2\/media\/2349"}],"wp:attachment":[{"href":"https:\/\/www.ile-de-la-comtesse.com\/de\/wp-json\/wp\/v2\/media?parent=3973"}],"wp:term":[{"taxonomy":"category","embeddable":true,"href":"https:\/\/www.ile-de-la-comtesse.com\/de\/wp-json\/wp\/v2\/categories?post=3973"},{"taxonomy":"post_tag","embeddable":true,"href":"https:\/\/www.ile-de-la-comtesse.com\/de\/wp-json\/wp\/v2\/tags?post=3973"},{"taxonomy":"sujet","embeddable":true,"href":"https:\/\/www.ile-de-la-comtesse.com\/de\/wp-json\/wp\/v2\/sujet?post=3973"}],"curies":[{"name":"wp","href":"https:\/\/api.w.org\/{rel}","templated":true}]}}