{"id":3954,"date":"2023-11-23T10:57:20","date_gmt":"2023-11-23T09:57:20","guid":{"rendered":"https:\/\/www.ile-de-la-comtesse.com\/tourismus-dent-du-chat\/"},"modified":"2023-12-21T12:48:55","modified_gmt":"2023-12-21T11:48:55","slug":"tourismus-dent-chat","status":"publish","type":"post","link":"https:\/\/www.ile-de-la-comtesse.com\/de\/die-berge\/tourismus-dent-chat\/","title":{"rendered":"Camping in der N\u00e4he von Dent du Chat"},"content":{"rendered":"<section id=\"ls-section-block_07f72edc0dbaf32d1d9a5fcb56bef0da\" class=\"ls-section  home-intro page-one background-blue has-m-b m-b-2 has-p-b p-b-2\" >\r\n        <div class=\"container container--full\">\r\n        \n\n<div class=\"wp-block-columns are-vertically-aligned-center is-layout-flex wp-container-core-columns-is-layout-9d6595d7 wp-block-columns-is-layout-flex\">\n<div class=\"wp-block-column is-vertically-aligned-center left is-layout-flow wp-block-column-is-layout-flow\" style=\"flex-basis:45%\">\n<div class=\"star-container animated fadeInLeft delay-100ms slow\"> \n<i class=\"comtesse-star\"><\/i>\n<i class=\"comtesse-star\"><\/i>\n<i class=\"comtesse-star\"><\/i>\n<i class=\"comtesse-star\"><\/i>\n<\/div>\n\n\n\n<p class=\"ls-paragraph\"><strong>Der Dent du Chat<\/strong> liegt in der Region Savoyen und ist ein <strong>symboltr\u00e4chtiger Gipfel der franz\u00f6sischen Alpen<\/strong>. Dieser majest\u00e4tische Berg ist <strong>1391 m <\/strong>hoch und bietet atemberaubende Ausblicke auf den Lac du Bourget, den gr\u00f6\u00dften nat\u00fcrlichen See Frankreichs.<\/p>\n\n\n\n<p class=\"ls-paragraph\">Der Dent du Chat ist ein <strong>beliebtes Wandergebiet<\/strong>, das Wege durch <strong>dichte W\u00e4lder<\/strong> und <strong>alpine<\/strong> <strong>Wiesen<\/strong> bietet. Wanderer k\u00f6nnen auch <strong>die Via Ferrata<\/strong> f\u00fcr ein <strong>spannendes<\/strong> <strong>Klettererlebnis<\/strong> <strong>nutzen<\/strong>.<\/p>\n\n\n\n<p class=\"ls-paragraph\">Es ist ein idealer Ort f\u00fcr Naturliebhaber, Outdoor-Enthusiasten und Fotografen und bietet einen spektakul\u00e4ren Panoramablick im Herzen der Alpen.<\/p>\n<\/div>\n\n\n\n<div class=\"wp-block-column is-vertically-aligned-center right is-layout-flow wp-block-column-is-layout-flow\" style=\"flex-basis:55%\">\n<figure class=\"wp-block-image size-full animated fadeInRight delay-100ms slow\"><a href=\"https:\/\/www.ile-de-la-comtesse.com\/wp-content\/uploads\/2023\/11\/dent-du-chat-alpes-francaises.webp\"><img decoding=\"async\" width=\"1920\" height=\"1200\" src=\"https:\/\/www.ile-de-la-comtesse.com\/wp-content\/uploads\/2023\/11\/dent-du-chat-alpes-francaises.webp\" alt=\"dent du chat alpes francaises\" class=\"wp-image-3022\" srcset=\"https:\/\/www.ile-de-la-comtesse.com\/wp-content\/uploads\/2023\/11\/dent-du-chat-alpes-francaises.webp 1920w, https:\/\/www.ile-de-la-comtesse.com\/wp-content\/uploads\/2023\/11\/dent-du-chat-alpes-francaises-300x188.webp 300w, https:\/\/www.ile-de-la-comtesse.com\/wp-content\/uploads\/2023\/11\/dent-du-chat-alpes-francaises-1024x640.webp 1024w, https:\/\/www.ile-de-la-comtesse.com\/wp-content\/uploads\/2023\/11\/dent-du-chat-alpes-francaises-768x480.webp 768w, https:\/\/www.ile-de-la-comtesse.com\/wp-content\/uploads\/2023\/11\/dent-du-chat-alpes-francaises-1536x960.webp 1536w\" sizes=\"(max-width: 1920px) 100vw, 1920px\" \/><\/a><\/figure>\n<\/div>\n<\/div>\n\n\r\n    <\/div>\r\n<\/section><section id=\"ls-section-block_dabb256d65eeab65e1d26cefc6a15a56\" class=\"ls-section  home-intro page-three background-blue has-m-b m-b-2 has-p-b p-b-2\" >\r\n        <div class=\"container container--full\">\r\n        \n\n<div class=\"wp-block-columns are-vertically-aligned-center is-layout-flex wp-container-core-columns-is-layout-9d6595d7 wp-block-columns-is-layout-flex\">\n<div class=\"wp-block-column is-vertically-aligned-center left is-layout-flow wp-block-column-is-layout-flow\" style=\"flex-basis:55%\">\n<figure class=\"wp-block-image size-full animated fadeInLeft delay-100ms slow\"><a href=\"https:\/\/www.ile-de-la-comtesse.com\/wp-content\/uploads\/2023\/11\/vue-rhone-camping-ile-de-la-comtesse-scaled.webp\"><img decoding=\"async\" width=\"2560\" height=\"1920\" src=\"https:\/\/www.ile-de-la-comtesse.com\/wp-content\/uploads\/2023\/11\/vue-rhone-camping-ile-de-la-comtesse-scaled.webp\" alt=\"Camping an einem See, Berge im Hintergrund.\" class=\"wp-image-1372\" srcset=\"https:\/\/www.ile-de-la-comtesse.com\/wp-content\/uploads\/2023\/11\/vue-rhone-camping-ile-de-la-comtesse-scaled.webp 2560w, https:\/\/www.ile-de-la-comtesse.com\/wp-content\/uploads\/2023\/11\/vue-rhone-camping-ile-de-la-comtesse-300x225.webp 300w, https:\/\/www.ile-de-la-comtesse.com\/wp-content\/uploads\/2023\/11\/vue-rhone-camping-ile-de-la-comtesse-1024x768.webp 1024w, https:\/\/www.ile-de-la-comtesse.com\/wp-content\/uploads\/2023\/11\/vue-rhone-camping-ile-de-la-comtesse-768x576.webp 768w, https:\/\/www.ile-de-la-comtesse.com\/wp-content\/uploads\/2023\/11\/vue-rhone-camping-ile-de-la-comtesse-1536x1152.webp 1536w, https:\/\/www.ile-de-la-comtesse.com\/wp-content\/uploads\/2023\/11\/vue-rhone-camping-ile-de-la-comtesse-2048x1536.webp 2048w\" sizes=\"(max-width: 2560px) 100vw, 2560px\" \/><\/a><\/figure>\n<\/div>\n\n\n\n<div class=\"wp-block-column is-vertically-aligned-center right is-layout-flow wp-block-column-is-layout-flow\" style=\"flex-basis:45%\">\n<h2 class=\"ls__heading wp-block-heading animated fadeInRight delay-100ms slow\">Der Katzenzahn :  <br\/><strong>Hochgebirge in der N\u00e4he des Campings<\/strong><\/h2>\n\n\n\n<p class=\"ls-paragraph\">Nur 40 Minuten von diesem idyllischen Campingplatz entfernt befindet sich der Dent du Chat, ein <strong>1390 m hoher Berg<\/strong> im S\u00fcden des Juramassivs. Seine markante Silhouette erinnert an einen Eckzahn, was ihm seinen faszinierenden Namen eingebracht hat.<\/p>\n\n\n\n<p class=\"ls-paragraph\">Von hier oben er\u00f6ffnet sich ein spektakul\u00e4res Panorama auf den Lac du Bourget, Aix-les-Bains, Chamb\u00e9ry und den Lac d&#8217;Aiguebelette. Von einem gut gelegenen Aussichtspunkt aus k\u00f6nnen Camper an klaren Tagen den Mont Blanc bewundern, was ein unvergessliches Erlebnis f\u00fcr alle Naturliebhaber bietet.<\/p>\n\n\n\n<p class=\"ls-paragraph\">F\u00fcr weitere Informationen k\u00f6nnen Sie die <a href=\"https:\/\/www.savoie-mont-blanc.com\/fiches\/la-dent-du-chat-5260906\/\" target=\"_blank\" rel=\"noreferrer noopener\">Website<\/a> besuchen, die <a href=\"https:\/\/www.savoie-mont-blanc.com\/fiches\/la-dent-du-chat-5260906\/\" target=\"_blank\" rel=\"noreferrer noopener\">dem<\/a> wunderbaren <a href=\"https:\/\/www.savoie-mont-blanc.com\/fiches\/la-dent-du-chat-5260906\/\" target=\"_blank\" rel=\"noreferrer noopener\">Dent du Chat gewidmet<\/a> ist. Genie\u00dfen Sie den perfekten Ausflug vom Campingplatz aus und erleben Sie ein unvergessliches Erlebnis im Hochgebirge.<\/p>\n<\/div>\n<\/div>\n\n\r\n    <\/div>\r\n<\/section><section id=\"ls-section-block_7e2a1bfed9aa4373fe10c59b72d8679b\" class=\"ls-section  home-piscine page-four has-m-t m-t-2 has-p-t p-t-2\" >\r\n        <div class=\"container container--full\">\r\n        \n\n<div class=\"wp-block-columns second is-layout-flex wp-container-core-columns-is-layout-9d6595d7 wp-block-columns-is-layout-flex\">\n<div class=\"wp-block-column is-layout-flow wp-block-column-is-layout-flow\">\n<h2 class=\"ls__heading wp-block-heading has-text-align-center\"><strong>Wanderungen und Naturaktivit\u00e4ten<\/strong><br\/>an der Dent du Chat<\/h2>\n\n\n\n<p class=\"ls-paragraph has-text-align-center\">Der Dent du Chat, der nur 40 Minuten vom Campingplatz entfernt liegt, ist ein <strong>Juwel f\u00fcr Outdoor-Fans<\/strong>. In Zusammenarbeit mit <a href=\"https:\/\/associations-info.fr\/W011005975\/bugey-escapade.html\" target=\"_blank\" rel=\"noreferrer noopener\">Bugey Escapade<\/a> bietet der Campingplatz spannende Aktivit\u00e4ten f\u00fcr die ganze Familie. Die<strong> ber\u00fchmte Via Ferrata de la Dent du Chat<\/strong> <strong>in 80 Metern H\u00f6he<\/strong> bietet ein intensives Sporterlebnis, egal ob Sie Anf\u00e4nger oder erfahrener Bergsteiger sind.  <\/p>\n\n\n\n<p class=\"ls-paragraph has-text-align-center\">F\u00fcr Wanderer bietet der Dent du Chat eine <strong>Vielzahl von Wanderwegen, die es zu erkunden<\/strong> gilt. Erhalten Sie an der Rezeption des Campingplatzes eine Karte, an der Sie sich orientieren k\u00f6nnen. Nach einem Tag voller Abenteuer ist ein Picknick auf dem Gipfel des Dent du Chat das perfekte i-T\u00fcpfelchen f\u00fcr einen gelungenen Familientag. Genie\u00dfen Sie die Harmonie der Natur in der N\u00e4he des Campingplatzes.<\/p>\n<\/div>\n<\/div>\n\n\n\n<div class=\"wp-block-columns first is-layout-flex wp-container-core-columns-is-layout-9d6595d7 wp-block-columns-is-layout-flex\">\n<div class=\"wp-block-column is-layout-flow wp-block-column-is-layout-flow\" style=\"flex-basis:60%\">\n<figure class=\"wp-block-image size-full right\"><a href=\"https:\/\/www.ile-de-la-comtesse.com\/wp-content\/uploads\/2023\/11\/randonnee-lain-savoie-scaled.webp\"><img decoding=\"async\" width=\"2048\" height=\"1361\" src=\"https:\/\/www.ile-de-la-comtesse.com\/wp-content\/uploads\/2023\/11\/randonnee-lain-savoie-scaled.webp\" alt=\"wandern lain savoie\" class=\"wp-image-2120\" srcset=\"https:\/\/www.ile-de-la-comtesse.com\/wp-content\/uploads\/2023\/11\/randonnee-lain-savoie-scaled.webp 2048w, https:\/\/www.ile-de-la-comtesse.com\/wp-content\/uploads\/2023\/11\/randonnee-lain-savoie-300x199.webp 300w, https:\/\/www.ile-de-la-comtesse.com\/wp-content\/uploads\/2023\/11\/randonnee-lain-savoie-1024x680.webp 1024w, https:\/\/www.ile-de-la-comtesse.com\/wp-content\/uploads\/2023\/11\/randonnee-lain-savoie-768x510.webp 768w, https:\/\/www.ile-de-la-comtesse.com\/wp-content\/uploads\/2023\/11\/randonnee-lain-savoie-1536x1021.webp 1536w\" sizes=\"(max-width: 2048px) 100vw, 2048px\" \/><\/a><\/figure>\n<\/div>\n\n\n\n<div class=\"wp-block-column is-layout-flow wp-block-column-is-layout-flow\" style=\"flex-basis:40%\">\n<figure class=\"wp-block-image size-full left\"><a href=\"https:\/\/www.ile-de-la-comtesse.com\/wp-content\/uploads\/2023\/11\/haute-montagne-dent-du-chat.webp\"><img decoding=\"async\" width=\"1920\" height=\"1200\" src=\"https:\/\/www.ile-de-la-comtesse.com\/wp-content\/uploads\/2023\/11\/haute-montagne-dent-du-chat.webp\" alt=\"hochgebirge katzenzahn\" class=\"wp-image-2154\" srcset=\"https:\/\/www.ile-de-la-comtesse.com\/wp-content\/uploads\/2023\/11\/haute-montagne-dent-du-chat.webp 1920w, https:\/\/www.ile-de-la-comtesse.com\/wp-content\/uploads\/2023\/11\/haute-montagne-dent-du-chat-300x188.webp 300w, https:\/\/www.ile-de-la-comtesse.com\/wp-content\/uploads\/2023\/11\/haute-montagne-dent-du-chat-1024x640.webp 1024w, https:\/\/www.ile-de-la-comtesse.com\/wp-content\/uploads\/2023\/11\/haute-montagne-dent-du-chat-768x480.webp 768w, https:\/\/www.ile-de-la-comtesse.com\/wp-content\/uploads\/2023\/11\/haute-montagne-dent-du-chat-1536x960.webp 1536w\" sizes=\"(max-width: 1920px) 100vw, 1920px\" \/><\/a><\/figure>\n<\/div>\n<\/div>\n\n\r\n    <\/div>\r\n<\/section>","protected":false},"excerpt":{"rendered":"","protected":false},"author":1,"featured_media":2116,"comment_status":"closed","ping_status":"closed","sticky":false,"template":"","format":"standard","meta":{"_acf_changed":false,"_seopress_robots_primary_cat":"","_seopress_titles_title":"Besuchen Sie den Dent du Chat in der N\u00e4he des Campingplatzes: Klettersteig, Wanderungen","_seopress_titles_desc":"Erkunden Sie den Dent du Chat in der N\u00e4he des Campingplatzes, einen symboltr\u00e4chtigen Gipfel der franz\u00f6sischen Alpen, der sich ideal zum Wandern und Klettern auf der Via Ferrata eignet.\n","_seopress_robots_index":"","inline_featured_image":false,"footnotes":""},"categories":[58],"tags":[],"sujet":[],"class_list":["post-3954","post","type-post","status-publish","format-standard","has-post-thumbnail","hentry","category-die-berge"],"acf":[],"_links":{"self":[{"href":"https:\/\/www.ile-de-la-comtesse.com\/de\/wp-json\/wp\/v2\/posts\/3954","targetHints":{"allow":["GET"]}}],"collection":[{"href":"https:\/\/www.ile-de-la-comtesse.com\/de\/wp-json\/wp\/v2\/posts"}],"about":[{"href":"https:\/\/www.ile-de-la-comtesse.com\/de\/wp-json\/wp\/v2\/types\/post"}],"author":[{"embeddable":true,"href":"https:\/\/www.ile-de-la-comtesse.com\/de\/wp-json\/wp\/v2\/users\/1"}],"replies":[{"embeddable":true,"href":"https:\/\/www.ile-de-la-comtesse.com\/de\/wp-json\/wp\/v2\/comments?post=3954"}],"version-history":[{"count":2,"href":"https:\/\/www.ile-de-la-comtesse.com\/de\/wp-json\/wp\/v2\/posts\/3954\/revisions"}],"predecessor-version":[{"id":4096,"href":"https:\/\/www.ile-de-la-comtesse.com\/de\/wp-json\/wp\/v2\/posts\/3954\/revisions\/4096"}],"wp:featuredmedia":[{"embeddable":true,"href":"https:\/\/www.ile-de-la-comtesse.com\/de\/wp-json\/wp\/v2\/media\/2116"}],"wp:attachment":[{"href":"https:\/\/www.ile-de-la-comtesse.com\/de\/wp-json\/wp\/v2\/media?parent=3954"}],"wp:term":[{"taxonomy":"category","embeddable":true,"href":"https:\/\/www.ile-de-la-comtesse.com\/de\/wp-json\/wp\/v2\/categories?post=3954"},{"taxonomy":"post_tag","embeddable":true,"href":"https:\/\/www.ile-de-la-comtesse.com\/de\/wp-json\/wp\/v2\/tags?post=3954"},{"taxonomy":"sujet","embeddable":true,"href":"https:\/\/www.ile-de-la-comtesse.com\/de\/wp-json\/wp\/v2\/sujet?post=3954"}],"curies":[{"name":"wp","href":"https:\/\/api.w.org\/{rel}","templated":true}]}}